{"id":5308,"date":"2023-03-08T15:14:00","date_gmt":"2023-03-08T14:14:00","guid":{"rendered":"https:\/\/2023.archivofutbol.com.ar\/?p=5308"},"modified":"2023-08-08T15:22:48","modified_gmt":"2023-08-08T13:22:48","slug":"catenaccio","status":"publish","type":"post","link":"https:\/\/2023.archivofutbol.com.ar\/index.php\/2023\/03\/08\/catenaccio\/","title":{"rendered":"Catenaccio, de Suiza a Helenio Herrera"},"content":{"rendered":"\t\t<div data-elementor-type=\"wp-post\" data-elementor-id=\"5308\" class=\"elementor elementor-5308\">\n\t\t\t\t\t\t\t\t\t<section class=\"elementor-section elementor-top-section elementor-element elementor-element-396d4165 elementor-section-boxed elementor-section-height-default elementor-section-height-default\" data-id=\"396d4165\" data-element_type=\"section\">\n\t\t\t\t\t\t<div class=\"elementor-container elementor-column-gap-default\">\n\t\t\t\t\t<div class=\"elementor-column elementor-col-100 elementor-top-column elementor-element elementor-element-575884ce\" data-id=\"575884ce\" data-element_type=\"column\">\n\t\t\t<div class=\"elementor-widget-wrap elementor-element-populated\">\n\t\t\t\t\t\t\t\t<section class=\"elementor-section elementor-inner-section elementor-element elementor-element-33f5b381 elementor-section-boxed elementor-section-height-default elementor-section-height-default\" data-id=\"33f5b381\" data-element_type=\"section\">\n\t\t\t\t\t\t<div class=\"elementor-container elementor-column-gap-default\">\n\t\t\t\t\t<div class=\"elementor-column elementor-col-100 elementor-inner-column elementor-element elementor-element-1f9fead1\" data-id=\"1f9fead1\" data-element_type=\"column\">\n\t\t\t<div class=\"elementor-widget-wrap elementor-element-populated\">\n\t\t\t\t\t\t\t\t<div class=\"elementor-element elementor-element-3d8d8bbb elementor-widget elementor-widget-text-editor\" data-id=\"3d8d8bbb\" data-element_type=\"widget\" data-widget_type=\"text-editor.default\">\n\t\t\t\t<div class=\"elementor-widget-container\">\n\t\t\t<style>\/*! elementor - v3.15.0 - 02-08-2023 *\/\n.elementor-widget-text-editor.elementor-drop-cap-view-stacked .elementor-drop-cap{background-color:#69727d;color:#fff}.elementor-widget-text-editor.elementor-drop-cap-view-framed .elementor-drop-cap{color:#69727d;border:3px solid;background-color:transparent}.elementor-widget-text-editor:not(.elementor-drop-cap-view-default) .elementor-drop-cap{margin-top:8px}.elementor-widget-text-editor:not(.elementor-drop-cap-view-default) .elementor-drop-cap-letter{width:1em;height:1em}.elementor-widget-text-editor .elementor-drop-cap{float:left;text-align:center;line-height:1;font-size:50px}.elementor-widget-text-editor .elementor-drop-cap-letter{display:inline-block}<\/style>\t\t\t\t<p><!-- wp:paragraph --><\/p><p><span style=\"float: left; margin-top: 0.25em; margin-right: .68em; text-align: center; width: 1.3336em; height: 1.3336em; line-height: 1.3336em; font-size: 1.875em; border-radius: 0; color: #ffffff; font-weight: 500; background-color: #232323;\">S<\/span>e trata de un planteamiento defensivo que perfeccionaron en Italia con el argentino Helenio Herrera como principal abanderado.<\/p><p><!-- \/wp:paragraph --><\/p>\t\t\t\t\t\t<\/div>\n\t\t\t\t<\/div>\n\t\t\t\t\t<\/div>\n\t\t<\/div>\n\t\t\t\t\t\t\t<\/div>\n\t\t<\/section>\n\t\t\t\t<div class=\"elementor-element elementor-element-5705fddb elementor-widget elementor-widget-heading\" data-id=\"5705fddb\" data-element_type=\"widget\" data-widget_type=\"heading.default\">\n\t\t\t\t<div class=\"elementor-widget-container\">\n\t\t\t<style>\/*! elementor - v3.15.0 - 02-08-2023 *\/\n.elementor-heading-title{padding:0;margin:0;line-height:1}.elementor-widget-heading .elementor-heading-title[class*=elementor-size-]>a{color:inherit;font-size:inherit;line-height:inherit}.elementor-widget-heading .elementor-heading-title.elementor-size-small{font-size:15px}.elementor-widget-heading .elementor-heading-title.elementor-size-medium{font-size:19px}.elementor-widget-heading .elementor-heading-title.elementor-size-large{font-size:29px}.elementor-widget-heading .elementor-heading-title.elementor-size-xl{font-size:39px}.elementor-widget-heading .elementor-heading-title.elementor-size-xxl{font-size:59px}<\/style><h3 class=\"elementor-heading-title elementor-size-default\">An\u00e1lisis t\u00e1ctico<\/h3>\t\t<\/div>\n\t\t\t\t<\/div>\n\t\t\t\t<section class=\"elementor-section elementor-inner-section elementor-element elementor-element-72fb1319 elementor-section-boxed elementor-section-height-default elementor-section-height-default\" data-id=\"72fb1319\" data-element_type=\"section\" data-settings=\"{&quot;background_background&quot;:&quot;classic&quot;}\">\n\t\t\t\t\t\t<div class=\"elementor-container elementor-column-gap-default\">\n\t\t\t\t\t<div class=\"elementor-column elementor-col-100 elementor-inner-column elementor-element elementor-element-17c2ef96\" data-id=\"17c2ef96\" data-element_type=\"column\">\n\t\t\t<div class=\"elementor-widget-wrap elementor-element-populated\">\n\t\t\t\t\t\t\t\t<div class=\"elementor-element elementor-element-b718f37 elementor-widget elementor-widget-image\" data-id=\"b718f37\" data-element_type=\"widget\" data-widget_type=\"image.default\">\n\t\t\t\t<div class=\"elementor-widget-container\">\n\t\t\t<style>\/*! elementor - v3.15.0 - 02-08-2023 *\/\n.elementor-widget-image{text-align:center}.elementor-widget-image a{display:inline-block}.elementor-widget-image a img[src$=\".svg\"]{width:48px}.elementor-widget-image img{vertical-align:middle;display:inline-block}<\/style>\t\t\t\t\t\t\t\t\t\t\t\t<img decoding=\"async\" width=\"1024\" height=\"576\" src=\"https:\/\/2023.archivofutbol.com.ar\/wp-content\/uploads\/2022\/02\/2-3-5-1024x576-1.png\" class=\"attachment-large size-large wp-image-5293\" alt=\"\" loading=\"lazy\" \/>\t\t\t\t\t\t\t\t\t\t\t\t\t\t\t<\/div>\n\t\t\t\t<\/div>\n\t\t\t\t\t<\/div>\n\t\t<\/div>\n\t\t\t\t\t\t\t<\/div>\n\t\t<\/section>\n\t\t\t\t\t<\/div>\n\t\t<\/div>\n\t\t\t\t\t\t\t<\/div>\n\t\t<\/section>\n\t\t\t\t<section class=\"elementor-section elementor-top-section elementor-element elementor-element-43612e9c elementor-section-boxed elementor-section-height-default elementor-section-height-default\" data-id=\"43612e9c\" data-element_type=\"section\">\n\t\t\t\t\t\t<div class=\"elementor-container elementor-column-gap-default\">\n\t\t\t\t\t<div class=\"elementor-column elementor-col-100 elementor-top-column elementor-element elementor-element-363c85c0\" data-id=\"363c85c0\" data-element_type=\"column\">\n\t\t\t<div class=\"elementor-widget-wrap elementor-element-populated\">\n\t\t\t\t\t\t\t\t<div class=\"elementor-element elementor-element-5a81ed8e elementor-widget elementor-widget-text-editor\" data-id=\"5a81ed8e\" data-element_type=\"widget\" data-widget_type=\"text-editor.default\">\n\t\t\t\t<div class=\"elementor-widget-container\">\n\t\t\t\t\t\t\t<p><!-- wp:paragraph --><\/p><p>La t\u00e1ctica demoninada como\u00a0<strong>&#8216;Catenaccio&#8217;<\/strong>, que significa cerrojo en italiano, ni fue concebida en Italia ni ideada por un entrenador italiano, sino creada\u00a0por un t\u00e9cnico austriaco que lo puso en pr\u00e1ctica primero en Suiza.<\/p><p><strong>Karl Rappan<\/strong>, nacido en Viena, realiz\u00f3 un novedoso cambio en el esquema\u00a0del Servette a finales de los 30 y al propio combinado helv\u00e9tico que m\u00e1s tarde dirigi\u00f3 y que\u00a0ser\u00eda posteriormente adaptado por otros entrenadores y clubes, teniendo mucha influencia en la actualidad y en el pasado m\u00e1s reciente del f\u00fatbol, desde la Salernitana de 1947, a la selecci\u00f3n Suiza de 1954, pasando por el Inter de Helenio Herrera y terminando con la Portugal de 2006, en una versi\u00f3n m\u00e1s modernizada del concepto.<\/p><p><!-- \/wp:paragraph --><\/p><p><!-- wp:heading {\"level\":3} --><!-- \/wp:heading --><\/p><p><!-- wp:quote --><\/p><blockquote><p>\u201cPocos pases a gran velocidad para llegar al arco contrario en el menor tiempo posible. El regate pr\u00e1cticamente entr\u00f3 en desuso. Es un recurso pero no un sistema. La pelota siempre viaja m\u00e1s r\u00e1pido sin un jugador atr\u00e1s\u201d<\/p><p>Helenio Herrera<\/p><\/blockquote><p><!-- \/wp:paragraph --><\/p>\t\t\t\t\t\t<\/div>\n\t\t\t\t<\/div>\n\t\t\t\t<div class=\"elementor-element elementor-element-adc93ad elementor-widget elementor-widget-heading\" data-id=\"adc93ad\" data-element_type=\"widget\" data-widget_type=\"heading.default\">\n\t\t\t\t<div class=\"elementor-widget-container\">\n\t\t\t<h3 class=\"elementor-heading-title elementor-size-default\">\u00bfEn qu\u00e9 consiste el Catenaccio?<\/h3>\t\t<\/div>\n\t\t\t\t<\/div>\n\t\t\t\t<div class=\"elementor-element elementor-element-21d3a256 elementor-widget elementor-widget-image\" data-id=\"21d3a256\" data-element_type=\"widget\" data-widget_type=\"image.default\">\n\t\t\t\t<div class=\"elementor-widget-container\">\n\t\t\t\t\t\t\t\t\t\t\t\t\t\t\t<img decoding=\"async\" width=\"1024\" height=\"683\" src=\"https:\/\/2023.archivofutbol.com.ar\/wp-content\/uploads\/2023\/08\/Tactica-3-1024x683-1.png\" class=\"attachment-large size-large wp-image-5309\" alt=\"\" loading=\"lazy\" \/>\t\t\t\t\t\t\t\t\t\t\t\t\t\t\t<\/div>\n\t\t\t\t<\/div>\n\t\t\t\t<div class=\"elementor-element elementor-element-6521f3eb elementor-widget elementor-widget-text-editor\" data-id=\"6521f3eb\" data-element_type=\"widget\" data-widget_type=\"text-editor.default\">\n\t\t\t\t<div class=\"elementor-widget-container\">\n\t\t\t\t\t\t\t<p><!-- wp:paragraph --><\/p><p>Ante la superioridad del rival en n\u00famero de atacantes en los primeros esquemas, debido al 2-3-5, Rappan mov\u00eda sus interiores en la medular para colocar cuatro defensores en l\u00ednea y tres en el centro del campo, fortaleciendo la retaguardia y dejando un hombre m\u00e1s liberado de sus tareas (en un 4-3-3 que al tener los interiores tan retrasados y el hombre libre era casi un 1-3-3-3 \u00f3 un 1-3-2-4). Este l\u00edbero, o escoba, era la clave del esquema y serv\u00eda para hacer la marca al rival, de hacer el &#8216;cerrojo&#8217;.<\/p><p>Con el paso del tiempo el l\u00edbero tuvo un papel m\u00e1s crucial, colocadado por detr\u00e1s de la zaga y delante del arquero para as\u00ed sacar el bal\u00f3n con comodidad y ser el encargado de cerrar la defensa del equipo, sin una marca defensiva fija sino atento al avance del contrincante, que tuvo su fama en el f\u00fatbol italiano con la Salernitana como primer ejecutor y el argentino Helenio Herrera como el gran abanderado en su etapa en el Inter en la d\u00e9cada de los 60 (con un esquema 1-4-3-1-1). De ah\u00ed la idea generalizada de que la t\u00e1ctica sea italiana.\u00a0<\/p><p><!-- \/wp:paragraph --><\/p>\t\t\t\t\t\t<\/div>\n\t\t\t\t<\/div>\n\t\t\t\t\t<\/div>\n\t\t<\/div>\n\t\t\t\t\t\t\t<\/div>\n\t\t<\/section>\n\t\t\t\t\t\t\t<\/div>\n\t\t","protected":false},"excerpt":{"rendered":"<p>Se trata de un planteamiento defensivo que perfeccionaron en Italia con el argentino Helenio Herrera como principal abanderado. An\u00e1lisis t\u00e1ctico La t\u00e1ctica demoninada como\u00a0&#8216;Catenaccio&#8217;, que significa cerrojo en italiano, ni fue concebida en Italia ni ideada por un entrenador italiano, sino creada\u00a0por un t\u00e9cnico austriaco que lo puso en pr\u00e1ctica primero en Suiza. Karl Rappan, nacido en Viena, realiz\u00f3 un &hellip;<\/p>\n","protected":false},"author":1,"featured_media":5313,"comment_status":"open","ping_status":"open","sticky":false,"template":"","format":"standard","meta":[],"categories":[18],"tags":[23,22,21],"_links":{"self":[{"href":"https:\/\/2023.archivofutbol.com.ar\/index.php\/wp-json\/wp\/v2\/posts\/5308"}],"collection":[{"href":"https:\/\/2023.archivofutbol.com.ar\/index.php\/wp-json\/wp\/v2\/posts"}],"about":[{"href":"https:\/\/2023.archivofutbol.com.ar\/index.php\/wp-json\/wp\/v2\/types\/post"}],"author":[{"embeddable":true,"href":"https:\/\/2023.archivofutbol.com.ar\/index.php\/wp-json\/wp\/v2\/users\/1"}],"replies":[{"embeddable":true,"href":"https:\/\/2023.archivofutbol.com.ar\/index.php\/wp-json\/wp\/v2\/comments?post=5308"}],"version-history":[{"count":4,"href":"https:\/\/2023.archivofutbol.com.ar\/index.php\/wp-json\/wp\/v2\/posts\/5308\/revisions"}],"predecessor-version":[{"id":5315,"href":"https:\/\/2023.archivofutbol.com.ar\/index.php\/wp-json\/wp\/v2\/posts\/5308\/revisions\/5315"}],"wp:featuredmedia":[{"embeddable":true,"href":"https:\/\/2023.archivofutbol.com.ar\/index.php\/wp-json\/wp\/v2\/media\/5313"}],"wp:attachment":[{"href":"https:\/\/2023.archivofutbol.com.ar\/index.php\/wp-json\/wp\/v2\/media?parent=5308"}],"wp:term":[{"taxonomy":"category","embeddable":true,"href":"https:\/\/2023.archivofutbol.com.ar\/index.php\/wp-json\/wp\/v2\/categories?post=5308"},{"taxonomy":"post_tag","embeddable":true,"href":"https:\/\/2023.archivofutbol.com.ar\/index.php\/wp-json\/wp\/v2\/tags?post=5308"}],"curies":[{"name":"wp","href":"https:\/\/api.w.org\/{rel}","templated":true}]}}