{"id":1,"date":"2022-12-08T01:06:00","date_gmt":"2022-12-08T00:06:00","guid":{"rendered":"http:\/\/2023.archivofutbol.com.ar\/?p=1"},"modified":"2023-08-08T15:31:32","modified_gmt":"2023-08-08T13:31:32","slug":"hola-mundo","status":"publish","type":"post","link":"https:\/\/2023.archivofutbol.com.ar\/index.php\/2022\/12\/08\/hola-mundo\/","title":{"rendered":"Menotti y su anal\u00edtica mirada sobre el \u00e9xito"},"content":{"rendered":"\t\t<div data-elementor-type=\"wp-post\" data-elementor-id=\"1\" class=\"elementor elementor-1\">\n\t\t\t\t\t\t\t\t\t<section class=\"elementor-section elementor-top-section elementor-element elementor-element-4824eb3 elementor-section-boxed elementor-section-height-default elementor-section-height-default\" data-id=\"4824eb3\" data-element_type=\"section\">\n\t\t\t\t\t\t<div class=\"elementor-container elementor-column-gap-default\">\n\t\t\t\t\t<div class=\"elementor-column elementor-col-100 elementor-top-column elementor-element elementor-element-573f1cc4\" data-id=\"573f1cc4\" data-element_type=\"column\">\n\t\t\t<div class=\"elementor-widget-wrap\">\n\t\t\t\t\t\t\t\t\t<\/div>\n\t\t<\/div>\n\t\t\t\t\t\t\t<\/div>\n\t\t<\/section>\n\t\t\t\t<section class=\"elementor-section elementor-top-section elementor-element elementor-element-1d993683 elementor-section-boxed elementor-section-height-default elementor-section-height-default\" data-id=\"1d993683\" data-element_type=\"section\">\n\t\t\t\t\t\t<div class=\"elementor-container elementor-column-gap-default\">\n\t\t\t\t\t<div class=\"elementor-column elementor-col-100 elementor-top-column elementor-element elementor-element-591917b3\" data-id=\"591917b3\" data-element_type=\"column\">\n\t\t\t<div class=\"elementor-widget-wrap elementor-element-populated\">\n\t\t\t\t\t\t\t\t<section class=\"elementor-section elementor-inner-section elementor-element elementor-element-13addb70 elementor-section-boxed elementor-section-height-default elementor-section-height-default\" data-id=\"13addb70\" data-element_type=\"section\">\n\t\t\t\t\t\t<div class=\"elementor-container elementor-column-gap-default\">\n\t\t\t\t\t<div class=\"elementor-column elementor-col-100 elementor-inner-column elementor-element elementor-element-407fa19c\" data-id=\"407fa19c\" data-element_type=\"column\">\n\t\t\t<div class=\"elementor-widget-wrap elementor-element-populated\">\n\t\t\t\t\t\t\t\t<div class=\"elementor-element elementor-element-61ca21d6 elementor-widget elementor-widget-text-editor\" data-id=\"61ca21d6\" data-element_type=\"widget\" data-widget_type=\"text-editor.default\">\n\t\t\t\t<div class=\"elementor-widget-container\">\n\t\t\t<style>\/*! elementor - v3.15.0 - 02-08-2023 *\/\n.elementor-widget-text-editor.elementor-drop-cap-view-stacked .elementor-drop-cap{background-color:#69727d;color:#fff}.elementor-widget-text-editor.elementor-drop-cap-view-framed .elementor-drop-cap{color:#69727d;border:3px solid;background-color:transparent}.elementor-widget-text-editor:not(.elementor-drop-cap-view-default) .elementor-drop-cap{margin-top:8px}.elementor-widget-text-editor:not(.elementor-drop-cap-view-default) .elementor-drop-cap-letter{width:1em;height:1em}.elementor-widget-text-editor .elementor-drop-cap{float:left;text-align:center;line-height:1;font-size:50px}.elementor-widget-text-editor .elementor-drop-cap-letter{display:inline-block}<\/style>\t\t\t\t<p><!-- wp:paragraph --><\/p>\n<p><span style=\"float: left; margin-top: 0.25em; margin-right: .68em; text-align: center; width: 1.3336em; height: 1.3336em; line-height: 1.3336em; font-size: 1.875em; border-radius: 0; color: #ffffff; font-weight: 500; background-color: #232323;\">E<\/span><span style=\"color: #212529; font-family: Montserrat, sans-serif; font-size: 16px;\">l Director General de Selecciones Nacionales, campe\u00f3n del Mundo en 1978, dio su mirada sobre las convicciones y el valor de las estrategias. &#8220;Si das un paso adelante, te caes, pero si es hacia atr\u00e1s, se puede alcanzar la gloria&#8221;, asegur\u00f3.<\/span><\/p>\n<p><!-- \/wp:paragraph --><\/p>\t\t\t\t\t\t<\/div>\n\t\t\t\t<\/div>\n\t\t\t\t\t<\/div>\n\t\t<\/div>\n\t\t\t\t\t\t\t<\/div>\n\t\t<\/section>\n\t\t\t\t<div class=\"elementor-element elementor-element-5eb9d2b0 elementor-widget elementor-widget-heading\" data-id=\"5eb9d2b0\" data-element_type=\"widget\" data-widget_type=\"heading.default\">\n\t\t\t\t<div class=\"elementor-widget-container\">\n\t\t\t<style>\/*! elementor - v3.15.0 - 02-08-2023 *\/\n.elementor-heading-title{padding:0;margin:0;line-height:1}.elementor-widget-heading .elementor-heading-title[class*=elementor-size-]>a{color:inherit;font-size:inherit;line-height:inherit}.elementor-widget-heading .elementor-heading-title.elementor-size-small{font-size:15px}.elementor-widget-heading .elementor-heading-title.elementor-size-medium{font-size:19px}.elementor-widget-heading .elementor-heading-title.elementor-size-large{font-size:29px}.elementor-widget-heading .elementor-heading-title.elementor-size-xl{font-size:39px}.elementor-widget-heading .elementor-heading-title.elementor-size-xxl{font-size:59px}<\/style><h3 class=\"elementor-heading-title elementor-size-default\">\nMenotti y el \u00e9xito en su \u00f3ptica<\/h3>\t\t<\/div>\n\t\t\t\t<\/div>\n\t\t\t\t<section class=\"elementor-section elementor-inner-section elementor-element elementor-element-4bac2529 elementor-section-boxed elementor-section-height-default elementor-section-height-default\" data-id=\"4bac2529\" data-element_type=\"section\" data-settings=\"{&quot;background_background&quot;:&quot;classic&quot;}\">\n\t\t\t\t\t\t<div class=\"elementor-container elementor-column-gap-default\">\n\t\t\t\t\t<div class=\"elementor-column elementor-col-100 elementor-inner-column elementor-element elementor-element-68efdc11\" data-id=\"68efdc11\" data-element_type=\"column\">\n\t\t\t<div class=\"elementor-widget-wrap elementor-element-populated\">\n\t\t\t\t\t\t\t\t<div class=\"elementor-element elementor-element-14e87dee elementor-widget elementor-widget-image\" data-id=\"14e87dee\" data-element_type=\"widget\" data-widget_type=\"image.default\">\n\t\t\t\t<div class=\"elementor-widget-container\">\n\t\t\t<style>\/*! elementor - v3.15.0 - 02-08-2023 *\/\n.elementor-widget-image{text-align:center}.elementor-widget-image a{display:inline-block}.elementor-widget-image a img[src$=\".svg\"]{width:48px}.elementor-widget-image img{vertical-align:middle;display:inline-block}<\/style>\t\t\t\t\t\t\t\t\t\t\t\t<img decoding=\"async\" width=\"1024\" height=\"743\" src=\"https:\/\/2023.archivofutbol.com.ar\/wp-content\/uploads\/2023\/08\/e24c88ac92aa565a7ec3e3e4747fbb16e4573c17-1024x743.jpg\" class=\"attachment-large size-large wp-image-5317\" alt=\"\" loading=\"lazy\" \/>\t\t\t\t\t\t\t\t\t\t\t\t\t\t\t<\/div>\n\t\t\t\t<\/div>\n\t\t\t\t\t<\/div>\n\t\t<\/div>\n\t\t\t\t\t\t\t<\/div>\n\t\t<\/section>\n\t\t\t\t\t<\/div>\n\t\t<\/div>\n\t\t\t\t\t\t\t<\/div>\n\t\t<\/section>\n\t\t\t\t<section class=\"elementor-section elementor-top-section elementor-element elementor-element-5b4ba0a8 elementor-section-boxed elementor-section-height-default elementor-section-height-default\" data-id=\"5b4ba0a8\" data-element_type=\"section\">\n\t\t\t\t\t\t<div class=\"elementor-container elementor-column-gap-default\">\n\t\t\t\t\t<div class=\"elementor-column elementor-col-100 elementor-top-column elementor-element elementor-element-713fe272\" data-id=\"713fe272\" data-element_type=\"column\">\n\t\t\t<div class=\"elementor-widget-wrap elementor-element-populated\">\n\t\t\t\t\t\t\t\t<div class=\"elementor-element elementor-element-4984b403 elementor-widget elementor-widget-text-editor\" data-id=\"4984b403\" data-element_type=\"widget\" data-widget_type=\"text-editor.default\">\n\t\t\t\t<div class=\"elementor-widget-container\">\n\t\t\t\t\t\t\t<p><!-- wp:paragraph --><\/p>\n<p>C\u00e9sar Luis Menotti siempre atrajo miradas por su carism\u00e1tica personalidad y sus ideas firmes, las que le valieron tantos adherentes como detractores, pero a los 84 a\u00f1os asegura sentirse capaz de &#8220;resistir el archivo&#8221;, porque &#8220;las convicciones no cambiaron con el paso del tiempo, las que se modificaron fueron las estrategias&#8221;.<\/p>\n<p>Conocedor de los vaivenes de la fama y la popularidad por haberlos disfrutado y padecido en carne propia, el &#8220;Flaco&#8221; no cambi\u00f3 su discurso pese a ellos con el paso de los a\u00f1os, sino que supo ubicarlo en tiempo y forma conforme fueron cambiando las \u00e9pocas, y en esas dos frases dignas de t\u00edtulos period\u00edsticos bas\u00f3 sus argumentos.<\/p>\n<p>&#8220;Por ejemplo en el f\u00fatbol, se jugaba mejor en mi \u00e9poca que en la actual. Y atenci\u00f3n que yo no soy de los que dicen que todo tiempo pasado fue mejor. pero la calidad de jugadores que hab\u00eda entonces no existen ahora&#8221;, afirm\u00f3.<\/p>\n<p>&#8220;Estoy convencido, como alguna vez me dijo Adolfo Pedernera (falleci\u00f3 en 1995), que los jugadores de antes podr\u00edan jugar ahora, porque a su calidad solamente le tendr\u00edan que agregar la cuesti\u00f3n f\u00edsica, pero los de ahora no podr\u00edan haber jugado en aquellos tiempos, porque el talento se tiene, no se incorpora&#8221;, apreci\u00f3.<\/p>\n<p><!-- \/wp:paragraph --><\/p>\n<p><!-- wp:heading {\"level\":3} --><!-- \/wp:heading --><\/p>\n<p><!-- wp:quote --><\/p>\n<blockquote class=\"wp-block-quote\">\n<p>&#8220;Las convicciones no se modifican, sino las estrategias. Por eso siempre hay que tener cuidado con el \u00e9xito, ya que te leva al borde del abismo. Si das un paso adelante, te caes, pero si es hacia atr\u00e1s, se puede alcanzar la gloria&#8221;, se\u00f1al\u00f3 Menotti en una entrevista con T\u00e9lam.<\/p><\/blockquote>\n<p><!-- \/wp:paragraph --><\/p>\t\t\t\t\t\t<\/div>\n\t\t\t\t<\/div>\n\t\t\t\t<div class=\"elementor-element elementor-element-76e20b14 elementor-widget elementor-widget-image\" data-id=\"76e20b14\" data-element_type=\"widget\" data-widget_type=\"image.default\">\n\t\t\t\t<div class=\"elementor-widget-container\">\n\t\t\t\t\t\t\t\t\t\t\t\t\t\t\t<img decoding=\"async\" width=\"1024\" height=\"644\" src=\"https:\/\/2023.archivofutbol.com.ar\/wp-content\/uploads\/2023\/08\/j0k4uluy3syppadjlfyy-1024x644.jpg\" class=\"attachment-large size-large wp-image-5318\" alt=\"\" loading=\"lazy\" \/>\t\t\t\t\t\t\t\t\t\t\t\t\t\t\t<\/div>\n\t\t\t\t<\/div>\n\t\t\t\t<div class=\"elementor-element elementor-element-2af68809 elementor-widget elementor-widget-text-editor\" data-id=\"2af68809\" data-element_type=\"widget\" data-widget_type=\"text-editor.default\">\n\t\t\t\t<div class=\"elementor-widget-container\">\n\t\t\t\t\t\t\t<p><!-- wp:paragraph --><\/p>\n<p>Y en ese punto tom\u00f3 justamente a &#8220;La M\u00e1quina&#8221; de River Plate, aquella m\u00edtica delantera de fines de los a\u00f1os 30 y principios de los 40 integrada por Juan Carlos Mu\u00f1\u00f3z, Jos\u00e9 Manuel Moreno, Pedernera, \u00c1ngel Labruna y F\u00e9lix Loustau, como ejemplo de la grandeza futbol\u00edstica de aquellos tiempos, m\u00e1s de una d\u00e9cada antes de que \u00e9l mismo empezara a alumbrar su cadencioso talento como futbolista por Rosario Central, para llevarlo despu\u00e9s a Racing Club, Boca Juniors y hasta al propio seleccionado argentino.<\/p>\n<p>&#8220;Antes tambi\u00e9n se jugaba al futbol con la historia de los jugadores. Porque a esa &#8216;M\u00e1quina\u00b4 de River hoy hubiese sido imposible construirla, ya que conservar a esos cinco cracks por tanto tiempo en un equipo no resultar\u00eda, ya que los vender\u00edan enseguida. Eso antes no ocurr\u00eda&#8221;, refrend\u00f3.<\/p>\n<p>Menotti es hoy Director General de Selecciones Nacionales, un cargo similar al que supo desempe\u00f1ar en Independiente (del que tambi\u00e9n fue entrenador), entre 2009 y 2010. Pero ahora como entonces, y como much\u00edsimo tiempo antes tambi\u00e9n, siempre se hizo carne en \u00e9l una m\u00e1xima sarmientina que sostiene que &#8220;las ideas no se matan&#8221;. Y el &#8220;Flaco&#8221; siempre fue consecuente con ella, para con las propias y para con las de los dem\u00e1s. Porque siempre fue partidario de &#8220;volar&#8221; y &#8220;dejar volar<\/p>\n<p><!-- \/wp:paragraph --><\/p>\t\t\t\t\t\t<\/div>\n\t\t\t\t<\/div>\n\t\t\t\t<div class=\"elementor-element elementor-element-319aa435 elementor-widget elementor-widget-text-editor\" data-id=\"319aa435\" data-element_type=\"widget\" data-widget_type=\"text-editor.default\">\n\t\t\t\t<div class=\"elementor-widget-container\">\n\t\t\t\t\t\t\t<p><!-- wp:paragraph --><\/p>\n<p>Fuente: T\u00e9lam<\/p>\n<p><!-- \/wp:paragraph --><\/p>\t\t\t\t\t\t<\/div>\n\t\t\t\t<\/div>\n\t\t\t\t\t<\/div>\n\t\t<\/div>\n\t\t\t\t\t\t\t<\/div>\n\t\t<\/section>\n\t\t\t\t\t\t\t<\/div>\n\t\t","protected":false},"excerpt":{"rendered":"<p>El Director General de Selecciones Nacionales, campe\u00f3n del Mundo en 1978, dio su mirada sobre las convicciones y el valor de las estrategias. &#8220;Si das un paso adelante, te caes, pero si es hacia atr\u00e1s, se puede alcanzar la gloria&#8221;, asegur\u00f3. Menotti y el \u00e9xito en su \u00f3ptica C\u00e9sar Luis Menotti siempre atrajo miradas por su carism\u00e1tica personalidad y sus &hellip;<\/p>\n","protected":false},"author":1,"featured_media":5317,"comment_status":"open","ping_status":"open","sticky":false,"template":"","format":"standard","meta":[],"categories":[1],"tags":[24],"_links":{"self":[{"href":"https:\/\/2023.archivofutbol.com.ar\/index.php\/wp-json\/wp\/v2\/posts\/1"}],"collection":[{"href":"https:\/\/2023.archivofutbol.com.ar\/index.php\/wp-json\/wp\/v2\/posts"}],"about":[{"href":"https:\/\/2023.archivofutbol.com.ar\/index.php\/wp-json\/wp\/v2\/types\/post"}],"author":[{"embeddable":true,"href":"https:\/\/2023.archivofutbol.com.ar\/index.php\/wp-json\/wp\/v2\/users\/1"}],"replies":[{"embeddable":true,"href":"https:\/\/2023.archivofutbol.com.ar\/index.php\/wp-json\/wp\/v2\/comments?post=1"}],"version-history":[{"count":4,"href":"https:\/\/2023.archivofutbol.com.ar\/index.php\/wp-json\/wp\/v2\/posts\/1\/revisions"}],"predecessor-version":[{"id":5323,"href":"https:\/\/2023.archivofutbol.com.ar\/index.php\/wp-json\/wp\/v2\/posts\/1\/revisions\/5323"}],"wp:featuredmedia":[{"embeddable":true,"href":"https:\/\/2023.archivofutbol.com.ar\/index.php\/wp-json\/wp\/v2\/media\/5317"}],"wp:attachment":[{"href":"https:\/\/2023.archivofutbol.com.ar\/index.php\/wp-json\/wp\/v2\/media?parent=1"}],"wp:term":[{"taxonomy":"category","embeddable":true,"href":"https:\/\/2023.archivofutbol.com.ar\/index.php\/wp-json\/wp\/v2\/categories?post=1"},{"taxonomy":"post_tag","embeddable":true,"href":"https:\/\/2023.archivofutbol.com.ar\/index.php\/wp-json\/wp\/v2\/tags?post=1"}],"curies":[{"name":"wp","href":"https:\/\/api.w.org\/{rel}","templated":true}]}}